{"id":563,"date":"2021-08-01T15:08:00","date_gmt":"2021-08-01T13:08:00","guid":{"rendered":"https:\/\/www.aswinlutchanah.com\/blog\/?p=563"},"modified":"2021-08-01T15:15:53","modified_gmt":"2021-08-01T13:15:53","slug":"tell-me-you-love-your-job-without-telling-me-you-love-your-job","status":"publish","type":"post","link":"https:\/\/www.aswinlutchanah.com\/blog\/tell-me-you-love-your-job-without-telling-me-you-love-your-job\/","title":{"rendered":"Tell me you love your job without telling me you love your job"},"content":{"rendered":"\n<p class=\"has-drop-cap\">Tell me you love your job without telling me you love your job. A picture is worth a thousand words they say. That&#8217;s why I chose this funny picture to illustrate this article <strong>celebrating my 6 years as a full-time Social Media Manager<\/strong>. Do you want to know more about the story behind this picture? Keep on reading &#8230; \ud83d\ude09 Yeah, this is definitely some teasing to keep you hooked. <\/p>\n\n\n\n<p>I&#8217;m someone who doubts all the time. I want to do more even when I reach my limits just to prove myself that I&#8217;m good enough. This may sound good when you read it. It&#8217;s definitely not when you live it. Let me explain. When I finish something, I always see the flaws that could have been done better. Always. So, for a long time, I was always not satisfied with myself even when people around were saying this is awesome. This is exhausting for me and sometimes can be for people around me as well &#8230; because I want more. Always.<\/p>\n\n\n\n<p>Thanks to the pandemic, I&#8217;ve been working a lot on myself to accept and be happy with things I do. It&#8217;s a very long process and one reason of this blog and this article is to reflect on some of my achievements and learn to be proud of them as they are and not as they could have been. Now, let me share some highlights of my sixth year.<\/p>\n\n\n\n<h2 class=\"wp-block-heading\">Social Media Cake<\/h2>\n\n\n\n<figure class=\"wp-block-image size-medium is-style-default align right\"><img loading=\"lazy\" decoding=\"async\" width=\"300\" height=\"225\" src=\"https:\/\/www.aswinlutchanah.com\/blog\/wp-content\/uploads\/2020\/08\/Aswin-Lutchanah-Social-Media-Manager-Cake-300x225.jpg\" alt=\"Aswin Lutchanah - Social Media Manager Cake\" class=\"wp-image-354\" srcset=\"https:\/\/www.aswinlutchanah.com\/blog\/wp-content\/uploads\/2020\/08\/Aswin-Lutchanah-Social-Media-Manager-Cake-300x225.jpg 300w, https:\/\/www.aswinlutchanah.com\/blog\/wp-content\/uploads\/2020\/08\/Aswin-Lutchanah-Social-Media-Manager-Cake-1024x768.jpg 1024w, https:\/\/www.aswinlutchanah.com\/blog\/wp-content\/uploads\/2020\/08\/Aswin-Lutchanah-Social-Media-Manager-Cake-768x576.jpg 768w, https:\/\/www.aswinlutchanah.com\/blog\/wp-content\/uploads\/2020\/08\/Aswin-Lutchanah-Social-Media-Manager-Cake-1536x1152.jpg 1536w, https:\/\/www.aswinlutchanah.com\/blog\/wp-content\/uploads\/2020\/08\/Aswin-Lutchanah-Social-Media-Manager-Cake-2048x1536.jpg 2048w\" sizes=\"auto, (max-width: 300px) 100vw, 300px\" \/><\/figure>\n\n\n\n<p>So, my sixth year started with the <a href=\"https:\/\/www.aswinlutchanah.com\/blog\/happy-social-media-manager-day\/\">celebration of my 5 years as a Social Media Manager<\/a> in August 2020. Obviously &#8230; \ud83d\ude44 At least I know how to count. It&#8217;s one of the many skills you need for the job. That is why being a digital hybrid helps to fulfil this position. For that occasion, I ordered a special Social Media cake. I wrote an article about this where I explain how I switched from a web developer to setting up my own enterprise and finally landing at the University of Luxembourg.<\/p>\n\n\n\n<h2 class=\"wp-block-heading\">Welcome Day<\/h2>\n\n\n\n<img loading=\"lazy\" decoding=\"async\" width=\"300\" height=\"200\" src=\"https:\/\/www.aswinlutchanah.com\/blog\/wp-content\/uploads\/2021\/08\/20200911-WelcomeDay-58-300x200.jpg\" alt=\"\" class=\"wp-image-572 size-medium align left\" srcset=\"https:\/\/www.aswinlutchanah.com\/blog\/wp-content\/uploads\/2021\/08\/20200911-WelcomeDay-58-300x200.jpg 300w, https:\/\/www.aswinlutchanah.com\/blog\/wp-content\/uploads\/2021\/08\/20200911-WelcomeDay-58-1024x683.jpg 1024w, https:\/\/www.aswinlutchanah.com\/blog\/wp-content\/uploads\/2021\/08\/20200911-WelcomeDay-58-768x512.jpg 768w, https:\/\/www.aswinlutchanah.com\/blog\/wp-content\/uploads\/2021\/08\/20200911-WelcomeDay-58-1536x1024.jpg 1536w, https:\/\/www.aswinlutchanah.com\/blog\/wp-content\/uploads\/2021\/08\/20200911-WelcomeDay-58-2048x1365.jpg 2048w\" sizes=\"auto, (max-width: 300px) 100vw, 300px\" \/>\n\n\n\n<p><strong>September 2020<\/strong> as every September, we have one of the most important event: the Welcome Day. It&#8217;s the day we welcome new students to the University of Luxembourg. They get the opportunity to connect with the University in person for the very first time for many of them as we have students from 130 nationalities. Most of them have not been to the University yet. We have been in touch virtually. <\/p>\n\n\n\n<figure class=\"wp-block-image size-medium align right\"><img loading=\"lazy\" decoding=\"async\" width=\"225\" height=\"300\" src=\"https:\/\/www.aswinlutchanah.com\/blog\/wp-content\/uploads\/2021\/08\/IMG_4499-225x300.jpg\" alt=\"\" class=\"wp-image-680\" srcset=\"https:\/\/www.aswinlutchanah.com\/blog\/wp-content\/uploads\/2021\/08\/IMG_4499-225x300.jpg 225w, https:\/\/www.aswinlutchanah.com\/blog\/wp-content\/uploads\/2021\/08\/IMG_4499-768x1024.jpg 768w, https:\/\/www.aswinlutchanah.com\/blog\/wp-content\/uploads\/2021\/08\/IMG_4499-1152x1536.jpg 1152w, https:\/\/www.aswinlutchanah.com\/blog\/wp-content\/uploads\/2021\/08\/IMG_4499-1536x2048.jpg 1536w, https:\/\/www.aswinlutchanah.com\/blog\/wp-content\/uploads\/2021\/08\/IMG_4499-scaled.jpg 1920w\" sizes=\"auto, (max-width: 225px) 100vw, 225px\" \/><\/figure>\n\n\n\n<p>And for my part, we have connected already as I reply to their questions on our social media channels. In order to make their onboarding smooth, I&#8217;ve introduced the <strong>Welcome Day Stories<\/strong> on the <a href=\"https:\/\/www.instagram.com\/uni.lu\">uni.lu Instagram channel<\/a> so that the new students could connect with each other before the Welcome Day. On this day, they meet as if they knew each other for a long time and feel less lonely or overwhelmed. I very well know this experience as I was also a non-EU student coming from Mauritius to study in France. I was lucky to have my dad with me for my first days. Between, I&#8217;ve started the stories for the 2021 Welcome Day, feel free to watch them on Instagram.<\/p>\n\n\n\n<p>The above picture was taken by Sophie Margue and I&#8217;m posing with Solange, my greatest colleague and friend at the University of Luxembourg. We&#8217;ve experienced so much together and without her, things would be definitely less exciting. On the day itself, Sheena and Krystina, two students who work with me as Social Media Manager assistants were of a great help. Don&#8217;t get me wrong, this event involves way more people within the Communications department and across the University, I&#8217;m just sharing the story from my angle and with my direct interactions.<\/p>\n\n\n\n<h2 class=\"wp-block-heading\">Video: My Student Life at the University of Luxembourg<\/h2>\n\n\n\n<iframe loading=\"lazy\" width=\"560\" height=\"315\" src=\"https:\/\/www.youtube.com\/embed\/RgbUrdE2jUw\" title=\"YouTube video player\" frameborder=\"0\" allow=\"accelerometer; autoplay; clipboard-write; encrypted-media; gyroscope; picture-in-picture\" allowfullscreen=\"\"><\/iframe>\n\n\n\n<p><strong>August to November 2021<\/strong>. Definitely the video I&#8217;m most proud of. It has now achieved almost 16.000 views and is among the best video in terms of conversion on the YouTube channel of the University of Luxembourg. It required a lot of shooting. I was happy to do this amazing project with my friend C\u00e9dric who professionally filmed and edited ths movie and also Sheena, my Social Media student assistant who was the main character. I also appear as a B-role in the video. Try to find me. C\u00e9dric made a great job of turning this into a beautiful story so that prospective students can have a sneak peak of student life at uni.lu. In a future life, I&#8217;d love to write scripts for videos. It&#8217;s on my list as well &#8230;<\/p>\n\n\n\n<h2 class=\"wp-block-heading\">100,000 followers<\/h2>\n\n\n\n<p><strong>October 2020<\/strong>. When I started in\u00a0August\u00a02015 as the full-time Social Media Manager, we had around 20,000 followers. We\u2019ve now multiplied our Social Media presence by\u00a05\u00a0in\u00a05\u00a0years. I&#8217;m proud of this achievement!<\/p>\n\n\n\n<figure class=\"wp-block-image size-large\"><img loading=\"lazy\" decoding=\"async\" width=\"1024\" height=\"768\" src=\"https:\/\/www.aswinlutchanah.com\/blog\/wp-content\/uploads\/2021\/08\/Aswin-Lutchanah-Social-Media-Manager-celebrating-100000-followers-University-of-Luxembourg-1024x768.jpg\" alt=\"\" class=\"wp-image-677\" srcset=\"https:\/\/www.aswinlutchanah.com\/blog\/wp-content\/uploads\/2021\/08\/Aswin-Lutchanah-Social-Media-Manager-celebrating-100000-followers-University-of-Luxembourg-1024x768.jpg 1024w, https:\/\/www.aswinlutchanah.com\/blog\/wp-content\/uploads\/2021\/08\/Aswin-Lutchanah-Social-Media-Manager-celebrating-100000-followers-University-of-Luxembourg-300x225.jpg 300w, https:\/\/www.aswinlutchanah.com\/blog\/wp-content\/uploads\/2021\/08\/Aswin-Lutchanah-Social-Media-Manager-celebrating-100000-followers-University-of-Luxembourg-768x576.jpg 768w, https:\/\/www.aswinlutchanah.com\/blog\/wp-content\/uploads\/2021\/08\/Aswin-Lutchanah-Social-Media-Manager-celebrating-100000-followers-University-of-Luxembourg-1536x1152.jpg 1536w, https:\/\/www.aswinlutchanah.com\/blog\/wp-content\/uploads\/2021\/08\/Aswin-Lutchanah-Social-Media-Manager-celebrating-100000-followers-University-of-Luxembourg-2048x1536.jpg 2048w\" sizes=\"auto, (max-width: 1024px) 100vw, 1024px\" \/><\/figure>\n\n\n\n<h2 class=\"wp-block-heading\">International Social Media speaker during the pandemic<\/h2>\n\n\n\n<figure class=\"wp-block-image size-medium is-style-default align right\"><img loading=\"lazy\" decoding=\"async\" width=\"300\" height=\"169\" src=\"https:\/\/www.aswinlutchanah.com\/blog\/wp-content\/uploads\/2021\/07\/connecting-with-students-via-social-media-during-the-pandemic-aswin-lutchanah-social-media-manager-university-of-luxembourg-300x169.png\" alt=\"Connecting with students via Social Media during the pandemic - Aswin Lutchanah, Social Media Manager of the University of Luxembourg\" class=\"wp-image-460\" srcset=\"https:\/\/www.aswinlutchanah.com\/blog\/wp-content\/uploads\/2021\/07\/connecting-with-students-via-social-media-during-the-pandemic-aswin-lutchanah-social-media-manager-university-of-luxembourg-300x169.png 300w, https:\/\/www.aswinlutchanah.com\/blog\/wp-content\/uploads\/2021\/07\/connecting-with-students-via-social-media-during-the-pandemic-aswin-lutchanah-social-media-manager-university-of-luxembourg-1024x576.png 1024w, https:\/\/www.aswinlutchanah.com\/blog\/wp-content\/uploads\/2021\/07\/connecting-with-students-via-social-media-during-the-pandemic-aswin-lutchanah-social-media-manager-university-of-luxembourg-768x432.png 768w, https:\/\/www.aswinlutchanah.com\/blog\/wp-content\/uploads\/2021\/07\/connecting-with-students-via-social-media-during-the-pandemic-aswin-lutchanah-social-media-manager-university-of-luxembourg-1536x864.png 1536w, https:\/\/www.aswinlutchanah.com\/blog\/wp-content\/uploads\/2021\/07\/connecting-with-students-via-social-media-during-the-pandemic-aswin-lutchanah-social-media-manager-university-of-luxembourg.png 1920w\" sizes=\"auto, (max-width: 300px) 100vw, 300px\" \/><\/figure>\n\n\n\n<p><strong>October 2020<\/strong>. \u201c<em>Connecting with students via Social Media during the pandemic<\/em>\u201c was the theme of my presentation as I got the opportunity to attend <a href=\"https:\/\/www.unica-network.eu\/event\/test-9th-unica-pr-communication-online-workshop\/\">UNICA\u2019s PR &amp; Communications workshop<\/a>\u00a0for the 3<sup>rd<\/sup>\u00a0time and to speak there for the 2<sup>nd<\/sup> time. Last year&#8217;s edition was fully online for obvious reasons. During my presentation, I explained how we connect with students on social media, why it works, the importance of empathy marketing. My dear friend Diana from TalTech University in Estonia shared a nice testimonial after attending my presentation. <a href=\"https:\/\/www.aswinlutchanah.com\/blog\/international-social-media-speaker-during-the-pandemic\/\">Read more about this in another article on my blog<\/a>.<\/p>\n\n\n\n<h2 class=\"wp-block-heading\">UNIVERSEH<\/h2>\n\n\n\n<img loading=\"lazy\" decoding=\"async\" width=\"300\" height=\"120\" src=\"https:\/\/www.aswinlutchanah.com\/blog\/wp-content\/uploads\/2021\/08\/UNIVERSEH-1-300x120.jpg\" alt=\"\" class=\"wp-image-585 align left\" srcset=\"https:\/\/www.aswinlutchanah.com\/blog\/wp-content\/uploads\/2021\/08\/UNIVERSEH-1-300x120.jpg 300w, https:\/\/www.aswinlutchanah.com\/blog\/wp-content\/uploads\/2021\/08\/UNIVERSEH-1-1024x411.jpg 1024w, https:\/\/www.aswinlutchanah.com\/blog\/wp-content\/uploads\/2021\/08\/UNIVERSEH-1-768x308.jpg 768w, https:\/\/www.aswinlutchanah.com\/blog\/wp-content\/uploads\/2021\/08\/UNIVERSEH-1-1536x616.jpg 1536w, https:\/\/www.aswinlutchanah.com\/blog\/wp-content\/uploads\/2021\/08\/UNIVERSEH-1.jpg 2044w\" sizes=\"auto, (max-width: 300px) 100vw, 300px\" \/>\n\n\n\n<p><br><strong>November 2020<\/strong> saw the official establishment of UNIVERSEH. \u201c<a href=\"https:\/\/universeh.eu\">UNIVERSEH \u2013 The European Space University for Earth and Humanity<\/a>\u201d, an alliance of five higher education institutions: <\/p>\n\n\n\n<ul class=\"wp-block-list\"><li>\ud83c\uddeb\ud83c\uddf7 Universit\u00e9 F\u00e9d\u00e9rale de Toulouse (France)<\/li><li>\ud83c\uddf1\ud83c\uddfa Universit\u00e9 du Luxembourg (Luxembourg) <\/li><li>\ud83c\udde9\ud83c\uddea Heinrich-Heine-Universit\u00e4t D\u00fcsseldorf (Germany)<\/li><li>\ud83c\uddf8\ud83c\uddea Lule\u00e5 tekniska universitet (Sweden)<\/li><li>\ud83c\uddf5\ud83c\uddf1 Akademia G\u00f3rniczo-Hutnicza im. Stanis\u0142awa Staszica w Krakowie (Poland)<\/li><\/ul>\n\n\n\n<p>When Eric Tschirhart contacted me for the Social Media part of this project, I couldn&#8217;t refuse this opportunity. Remember me talking about doing more? I was lucky to be the very first Social Media Manager of the University of Luxembourg but when I joined the channels were already created. Now, I got the opportunity to be the first Social Media Manager of a new university and to create everything from scratch and to work with people across Europe. Pure bliss. Once again, don&#8217;t get me wrong. It requires a lot of energy but it&#8217;s worth it. And for those asking if I left the University of Luxembourg, you now have the answer. I&#8217;m doing both and I&#8217;m still at the University of Luxembourg. <\/p>\n\n\n\n<p>We are still at the very beginning of UNIVERSEH but you can already follow us on our social media channels:<\/p>\n\n\n\n<ul class=\"wp-block-list\"><li><a href=\"https:\/\/www.facebook.com\/universeh.eu\">Facebook<\/a><\/li><li><a href=\"https:\/\/twitter.com\/universeh_eu\">Twitter<\/a><\/li><li><a href=\"https:\/\/www.linkedin.com\/company\/universeh-eu\">LinkedIn<\/a><\/li><li><a href=\"https:\/\/www.instagram.com\/universeh.eu\">Instagram<\/a><\/li><li><a href=\"https:\/\/www.youtube.com\/channel\/UCaC1Wya0oErjX9b61kqAKPw\">YouTube<\/a><\/li><\/ul>\n\n\n\n<h2 class=\"wp-block-heading\">Workshops for uni.lu students<\/h2>\n\n\n\n<img loading=\"lazy\" decoding=\"async\" width=\"300\" height=\"169\" src=\"https:\/\/www.aswinlutchanah.com\/blog\/wp-content\/uploads\/2021\/08\/e-reputation-managing-your-online-image-Aswin-Lutchanah-20201119-300x169.png\" alt=\"\" class=\"wp-image-588 align right\" srcset=\"https:\/\/www.aswinlutchanah.com\/blog\/wp-content\/uploads\/2021\/08\/e-reputation-managing-your-online-image-Aswin-Lutchanah-20201119-300x169.png 300w, https:\/\/www.aswinlutchanah.com\/blog\/wp-content\/uploads\/2021\/08\/e-reputation-managing-your-online-image-Aswin-Lutchanah-20201119-1024x577.png 1024w, https:\/\/www.aswinlutchanah.com\/blog\/wp-content\/uploads\/2021\/08\/e-reputation-managing-your-online-image-Aswin-Lutchanah-20201119-768x433.png 768w, https:\/\/www.aswinlutchanah.com\/blog\/wp-content\/uploads\/2021\/08\/e-reputation-managing-your-online-image-Aswin-Lutchanah-20201119-1536x865.png 1536w, https:\/\/www.aswinlutchanah.com\/blog\/wp-content\/uploads\/2021\/08\/e-reputation-managing-your-online-image-Aswin-Lutchanah-20201119-2048x1154.png 2048w\" sizes=\"auto, (max-width: 300px) 100vw, 300px\" \/>\n\n\n\n<p><strong>November 2020 &amp; April 2021<\/strong>. Each semester, I do two workshops via the Career Centre of the University of Luxembourg for the students. It&#8217;s another opportunity for me to connect with part of the audience and hopefully, to share my knowledge with them.<\/p>\n\n\n\n<ul class=\"wp-block-list\"><li><h3>LinkedIn, Facebook, Twitter: the best SocialMedia to look for a job<\/h3><\/li><li><h3>E-reputation: managing your online image<\/h3><ul><li>What is e-reputation?<\/li><li>Importance of managing your e-reputation<\/li><li>How to manage your e-reputation?<\/li><li>How to search yourself?<\/li><li>How to influence your e-reputation?<\/li><li>Personal Branding<\/li><li>Digital presence<\/li><li>Personal Brand Awareness<\/li><li>Personal Brand Authority<\/li><\/ul><\/li><\/ul>\n\n\n\n<h2 class=\"wp-block-heading\">What gives you hope for 2021?<\/h2>\n\n\n\n<p><strong>December 2020<\/strong>. I was honoured to be featured in the season&#8217;s greetings of the University of Luxembourg. I reflected on my 2020 and <a href=\"https:\/\/www.linkedin.com\/feed\/update\/urn:li:activity:6750453531792285696\/\">shared this in a LinkedIn post<\/a>.<\/p>\n\n\n\n<div class=\"wp-block-columns is-layout-flex wp-container-core-columns-is-layout-9d6595d7 wp-block-columns-is-layout-flex\">\n<div class=\"wp-block-column is-layout-flow wp-block-column-is-layout-flow\">\n<figure class=\"wp-block-image size-large\"><img loading=\"lazy\" decoding=\"async\" width=\"1024\" height=\"923\" src=\"https:\/\/www.aswinlutchanah.com\/blog\/wp-content\/uploads\/2021\/08\/carte_de_voeux_numerique_Aswin_g-1024x923.png\" alt=\"\" class=\"wp-image-673\" srcset=\"https:\/\/www.aswinlutchanah.com\/blog\/wp-content\/uploads\/2021\/08\/carte_de_voeux_numerique_Aswin_g-1024x923.png 1024w, https:\/\/www.aswinlutchanah.com\/blog\/wp-content\/uploads\/2021\/08\/carte_de_voeux_numerique_Aswin_g-300x270.png 300w, https:\/\/www.aswinlutchanah.com\/blog\/wp-content\/uploads\/2021\/08\/carte_de_voeux_numerique_Aswin_g-768x692.png 768w, https:\/\/www.aswinlutchanah.com\/blog\/wp-content\/uploads\/2021\/08\/carte_de_voeux_numerique_Aswin_g-1536x1384.png 1536w, https:\/\/www.aswinlutchanah.com\/blog\/wp-content\/uploads\/2021\/08\/carte_de_voeux_numerique_Aswin_g-2048x1846.png 2048w\" sizes=\"auto, (max-width: 1024px) 100vw, 1024px\" \/><\/figure>\n<\/div>\n\n\n\n<div class=\"wp-block-column is-layout-flow wp-block-column-is-layout-flow\">\n<iframe loading=\"lazy\" width=\"560\" height=\"315\" src=\"https:\/\/www.youtube.com\/embed\/6gvgXdYIMwM\" title=\"YouTube video player\" frameborder=\"0\" allow=\"accelerometer; autoplay; clipboard-write; encrypted-media; gyroscope; picture-in-picture\" allowfullscreen><\/iframe>\n<\/div>\n<\/div>\n\n\n\n<h2 class=\"wp-block-heading\">Online Marketing Foundations<\/h2>\n\n\n\n<p><strong>January 2021<\/strong>. I completed a certificate about online marketing foundations. I love to learn and this was a nice almost 5-hour course to revisit the foundations.<\/p>\n\n\n\n<iframe loading=\"lazy\" src=\"https:\/\/www.linkedin.com\/embed\/feed\/update\/urn:li:share:6759166222216114176\" height=\"800\" width=\"504\" frameborder=\"0\" allowfullscreen=\"\" title=\"Embedded post\"><\/iframe>\n\n\n\n<h2 class=\"wp-block-heading\">Instagram Live<\/h2>\n\n\n\n<figure class=\"wp-block-image size-large\"><img loading=\"lazy\" decoding=\"async\" width=\"1024\" height=\"619\" src=\"https:\/\/www.aswinlutchanah.com\/blog\/wp-content\/uploads\/2021\/08\/instagram-live-aswin-lutchanah-behind-the-scenes-1024x619.jpg\" alt=\"\" class=\"wp-image-682\" srcset=\"https:\/\/www.aswinlutchanah.com\/blog\/wp-content\/uploads\/2021\/08\/instagram-live-aswin-lutchanah-behind-the-scenes-1024x619.jpg 1024w, https:\/\/www.aswinlutchanah.com\/blog\/wp-content\/uploads\/2021\/08\/instagram-live-aswin-lutchanah-behind-the-scenes-300x181.jpg 300w, https:\/\/www.aswinlutchanah.com\/blog\/wp-content\/uploads\/2021\/08\/instagram-live-aswin-lutchanah-behind-the-scenes-768x464.jpg 768w, https:\/\/www.aswinlutchanah.com\/blog\/wp-content\/uploads\/2021\/08\/instagram-live-aswin-lutchanah-behind-the-scenes-1536x929.jpg 1536w, https:\/\/www.aswinlutchanah.com\/blog\/wp-content\/uploads\/2021\/08\/instagram-live-aswin-lutchanah-behind-the-scenes-2048x1238.jpg 2048w\" sizes=\"auto, (max-width: 1024px) 100vw, 1024px\" \/><\/figure>\n\n\n\n<p>Here&#8217;s a <a href=\"https:\/\/www.linkedin.com\/feed\/update\/urn:li:activity:6760987400505319424\/\">behind the scenes<\/a> for the release event of LUX:plorations inside the Luxembourg Learning Centre at the\u00a0University of Luxembourg.<\/p>\n\n\n\n<p>\u2705 Just a few words to give you a glimpse of a Social Media Manager\u2019s life. This was a LIVE event on\u00a0Instagram\u00a0for the official launch of the science comics made in\u00a0Luxembourg. We spent the day with my colleagues to test and prepare for the event. It\u2019s part of the job that drives your stress level, adrenaline &amp; motivation up. On the other hand, you can\u2019t do your usual tasks. It\u2019s a job of\u00a0passion!\u00a0<\/p>\n\n\n\n<h2 class=\"wp-block-heading\">Happy Birthday to me: Gift for Social Media Managers<\/h2>\n\n\n\n<figure class=\"wp-block-gallery columns-2 is-cropped\"><ul class=\"blocks-gallery-grid\"><li class=\"blocks-gallery-item\"><figure><a href=\"https:\/\/www.linkedin.com\/posts\/aswinlutchanah_socialmediamanager-positivevibes-socialmedia-activity-6749781496875380736-f5br\" title=\"Read more about my call for Social Media Managers on LinkedIn\"><img loading=\"lazy\" decoding=\"async\" width=\"1024\" height=\"768\" src=\"https:\/\/www.aswinlutchanah.com\/blog\/wp-content\/uploads\/2021\/08\/aswin-lutchanah-smile-social-media-manager-behind-macbook-with-christmas-setup-1024x768.jpg\" alt=\"\" data-id=\"663\" data-full-url=\"https:\/\/www.aswinlutchanah.com\/blog\/wp-content\/uploads\/2021\/08\/aswin-lutchanah-smile-social-media-manager-behind-macbook-with-christmas-setup-scaled.jpg\" data-link=\"https:\/\/www.aswinlutchanah.com\/blog\/?attachment_id=663\" class=\"wp-image-663\" srcset=\"https:\/\/www.aswinlutchanah.com\/blog\/wp-content\/uploads\/2021\/08\/aswin-lutchanah-smile-social-media-manager-behind-macbook-with-christmas-setup-1024x768.jpg 1024w, https:\/\/www.aswinlutchanah.com\/blog\/wp-content\/uploads\/2021\/08\/aswin-lutchanah-smile-social-media-manager-behind-macbook-with-christmas-setup-300x225.jpg 300w, https:\/\/www.aswinlutchanah.com\/blog\/wp-content\/uploads\/2021\/08\/aswin-lutchanah-smile-social-media-manager-behind-macbook-with-christmas-setup-768x576.jpg 768w, https:\/\/www.aswinlutchanah.com\/blog\/wp-content\/uploads\/2021\/08\/aswin-lutchanah-smile-social-media-manager-behind-macbook-with-christmas-setup-1536x1152.jpg 1536w, https:\/\/www.aswinlutchanah.com\/blog\/wp-content\/uploads\/2021\/08\/aswin-lutchanah-smile-social-media-manager-behind-macbook-with-christmas-setup-2048x1536.jpg 2048w\" sizes=\"auto, (max-width: 1024px) 100vw, 1024px\" \/><\/a><\/figure><\/li><li class=\"blocks-gallery-item\"><figure><a href=\"https:\/\/www.linkedin.com\/posts\/florencebertic_kindness-positivevibes-activity-6757599074934919168-zQRv\" title=\"Read more on LinkedIn about Florence's thank you message\"><img loading=\"lazy\" decoding=\"async\" width=\"1024\" height=\"1021\" src=\"https:\/\/www.aswinlutchanah.com\/blog\/wp-content\/uploads\/2021\/08\/aswin-lutchanah-good-vibes-thank-you-1024x1021.jpeg\" alt=\"\" data-id=\"665\" data-full-url=\"https:\/\/www.aswinlutchanah.com\/blog\/wp-content\/uploads\/2021\/08\/aswin-lutchanah-good-vibes-thank-you.jpeg\" data-link=\"https:\/\/www.aswinlutchanah.com\/blog\/?attachment_id=665\" class=\"wp-image-665\" srcset=\"https:\/\/www.aswinlutchanah.com\/blog\/wp-content\/uploads\/2021\/08\/aswin-lutchanah-good-vibes-thank-you-1024x1021.jpeg 1024w, https:\/\/www.aswinlutchanah.com\/blog\/wp-content\/uploads\/2021\/08\/aswin-lutchanah-good-vibes-thank-you-300x300.jpeg 300w, https:\/\/www.aswinlutchanah.com\/blog\/wp-content\/uploads\/2021\/08\/aswin-lutchanah-good-vibes-thank-you-150x150.jpeg 150w, https:\/\/www.aswinlutchanah.com\/blog\/wp-content\/uploads\/2021\/08\/aswin-lutchanah-good-vibes-thank-you-768x766.jpeg 768w, https:\/\/www.aswinlutchanah.com\/blog\/wp-content\/uploads\/2021\/08\/aswin-lutchanah-good-vibes-thank-you-45x45.jpeg 45w, https:\/\/www.aswinlutchanah.com\/blog\/wp-content\/uploads\/2021\/08\/aswin-lutchanah-good-vibes-thank-you.jpeg 1536w\" sizes=\"auto, (max-width: 1024px) 100vw, 1024px\" \/><\/a><\/figure><\/li><\/ul><\/figure>\n\n\n\n<p><strong>January 2021<\/strong>. This year for my birthday, I wanted to do something special. The idea was that I saw that due to the pandemic, Social Media Managers were overwhelmed and felt even more undervalued as people don\u2019t know what they really do. They solve problems that you didn\u2019t even know you had. For this reason, at my level, for my birthday, I wanted to make them happy by sending them something from their wish list to make them smile. Only person, <a href=\"https:\/\/www.linkedin.com\/feed\/update\/urn:li:activity:6757603765739773952\/\">Florence participated and she I sent her something from her wish list<\/a>.<\/p>\n\n\n\n<h2 class=\"wp-block-heading\">Social Media Keynote<\/h2>\n\n\n\n<p><strong>February 2021<\/strong>. I got the opportunity to do a science communication course for doctoral candidates at the University of Luxembourg. It was not the very first time as I did this in the past but it&#8217;s always a pleasure to connect with another part of the audience: doctoral candidates. I talked about what is social media, how to leverage social media for their research and how we do social media at uni.lu.<\/p>\n\n\n\n<iframe loading=\"lazy\" src=\"https:\/\/www.linkedin.com\/embed\/feed\/update\/urn:li:share:6762826414719852544\" height=\"990\" width=\"504\" frameborder=\"0\" allowfullscreen=\"\" title=\"Embedded post\"><\/iframe>\n\n\n\n<h2 class=\"wp-block-heading\">Virtual Tour of the University of Luxembourg<\/h2>\n\n\n\n<figure class=\"wp-block-image size-medium is-style-rounded align left\"><img loading=\"lazy\" decoding=\"async\" width=\"300\" height=\"300\" src=\"https:\/\/www.aswinlutchanah.com\/blog\/wp-content\/uploads\/2021\/08\/virtual-tour-uni-lu-300x300.jpg\" alt=\"\" class=\"wp-image-602\" srcset=\"https:\/\/www.aswinlutchanah.com\/blog\/wp-content\/uploads\/2021\/08\/virtual-tour-uni-lu-300x300.jpg 300w, https:\/\/www.aswinlutchanah.com\/blog\/wp-content\/uploads\/2021\/08\/virtual-tour-uni-lu-1024x1024.jpg 1024w, https:\/\/www.aswinlutchanah.com\/blog\/wp-content\/uploads\/2021\/08\/virtual-tour-uni-lu-150x150.jpg 150w, https:\/\/www.aswinlutchanah.com\/blog\/wp-content\/uploads\/2021\/08\/virtual-tour-uni-lu-768x768.jpg 768w, https:\/\/www.aswinlutchanah.com\/blog\/wp-content\/uploads\/2021\/08\/virtual-tour-uni-lu-45x45.jpg 45w, https:\/\/www.aswinlutchanah.com\/blog\/wp-content\/uploads\/2021\/08\/virtual-tour-uni-lu.jpg 1080w\" sizes=\"auto, (max-width: 300px) 100vw, 300px\" \/><\/figure>\n\n\n\n<p><strong>February &amp; March 2021<\/strong>. Probably one of the biggest challenge I had at the University of Luxembourg. This was a project that was in the pipeline for a while but the pandemic moved it from a nice to have to a must have. Due to the pandemic, the Open Day was going to take place virtually for the second time and we wanted prospective students to be able to navigate through the campuses as if they were there. You probably know Google Street View and this was the objective. Many colleagues were involved in this project which I was proud to lead.<\/p>\n\n\n\n<p>To make this happen, we worked with <a href=\"https:\/\/www.wili.lu\/\">Wili<\/a>, an agency in Belval. It was a marathon and a sprint combined together but everyone did their best to make this happen so that it could be ready a few days before the Open Day in March.<\/p>\n\n\n\n<p>Retrospectively, this was an amazing and fun experience on the field with David &amp; Romain from Wili and Krystina, Sheena, Doroth\u00e9e and I from uni.lu. I got the opportunity to visit places I didn&#8217;t know existed and I got the opportunity to meet in person some colleagues from other campuses; They were of great help to show us around and to help make things happen in this short period of time. On and off the field, people were doing their parts.<\/p>\n\n\n\n<figure class=\"wp-block-image size-medium align right is-style-default\"><img loading=\"lazy\" decoding=\"async\" width=\"300\" height=\"200\" src=\"https:\/\/www.aswinlutchanah.com\/blog\/wp-content\/uploads\/2021\/08\/Aswin-Lutchanah-mirror-image-Belval-Campus-University-of-Luxembourg-300x200.jpg\" alt=\"\" class=\"wp-image-604\" srcset=\"https:\/\/www.aswinlutchanah.com\/blog\/wp-content\/uploads\/2021\/08\/Aswin-Lutchanah-mirror-image-Belval-Campus-University-of-Luxembourg-300x200.jpg 300w, https:\/\/www.aswinlutchanah.com\/blog\/wp-content\/uploads\/2021\/08\/Aswin-Lutchanah-mirror-image-Belval-Campus-University-of-Luxembourg-1024x683.jpg 1024w, https:\/\/www.aswinlutchanah.com\/blog\/wp-content\/uploads\/2021\/08\/Aswin-Lutchanah-mirror-image-Belval-Campus-University-of-Luxembourg-768x512.jpg 768w, https:\/\/www.aswinlutchanah.com\/blog\/wp-content\/uploads\/2021\/08\/Aswin-Lutchanah-mirror-image-Belval-Campus-University-of-Luxembourg-1536x1024.jpg 1536w, https:\/\/www.aswinlutchanah.com\/blog\/wp-content\/uploads\/2021\/08\/Aswin-Lutchanah-mirror-image-Belval-Campus-University-of-Luxembourg-2048x1365.jpg 2048w\" sizes=\"auto, (max-width: 300px) 100vw, 300px\" \/><figcaption>\u00a9 Wili \/ David Laurent<\/figcaption><\/figure>\n\n\n\n<p>Most importantly, you can still <a href=\"https:\/\/www.virtualtour.lu\/uni\">visit the University of Luxembourg as if you were there<\/a>. When we shared this on Social Media, it was well received and people inside and outside the University were happy to discover \/ rediscover the University. I even received messages from people I&#8217;ve never met at the University. Everyone should be proud of this and show the world how wonderful the infrastructure is at uni.lu<\/p>\n\n\n\n<p>If you are interested about the whole behind the scenes of the project, Wili interviewed me on their blog: &#8220;<a href=\"https:\/\/www.wiliwood.lu\/effet-wow-pour-la-premiere-visite-virtuelle-de-luniversite\/\">Effet Wow pour la premi\u00e8re visite virtuelle de l&#8217;Universit\u00e9<\/a>&#8221; (It&#8217;s in French).<\/p>\n\n\n\n<h2 class=\"wp-block-heading\">Google Analytics Academy<\/h2>\n\n\n\n<img loading=\"lazy\" decoding=\"async\" width=\"300\" height=\"232\" src=\"https:\/\/www.aswinlutchanah.com\/blog\/wp-content\/uploads\/2021\/08\/Course_Certificate_Google_Analytics_for_Beginners_Aswin_Lutchanah_20210405-2-300x232.png\" alt=\"\" class=\"wp-image-612 align left\" srcset=\"https:\/\/www.aswinlutchanah.com\/blog\/wp-content\/uploads\/2021\/08\/Course_Certificate_Google_Analytics_for_Beginners_Aswin_Lutchanah_20210405-2-300x232.png 300w, https:\/\/www.aswinlutchanah.com\/blog\/wp-content\/uploads\/2021\/08\/Course_Certificate_Google_Analytics_for_Beginners_Aswin_Lutchanah_20210405-2-1024x793.png 1024w, https:\/\/www.aswinlutchanah.com\/blog\/wp-content\/uploads\/2021\/08\/Course_Certificate_Google_Analytics_for_Beginners_Aswin_Lutchanah_20210405-2-768x595.png 768w, https:\/\/www.aswinlutchanah.com\/blog\/wp-content\/uploads\/2021\/08\/Course_Certificate_Google_Analytics_for_Beginners_Aswin_Lutchanah_20210405-2-1536x1190.png 1536w, https:\/\/www.aswinlutchanah.com\/blog\/wp-content\/uploads\/2021\/08\/Course_Certificate_Google_Analytics_for_Beginners_Aswin_Lutchanah_20210405-2-2048x1587.png 2048w\" sizes=\"auto, (max-width: 300px) 100vw, 300px\" \/>\n\n\n\n<p><strong>April 2021<\/strong>. During the Easter weekend, instead of eating chocolates, I completed the course Google Analytics for Beginners and obtained a certificate of completion from the Google Analytics Academy. To be honest, I did eat some chocolates as well. I made only one mistake and completed the certificate with an overall score of 97%. <\/p>\n\n\n\n<p>The next step would be to go for the Advanced Google Analytics course. It&#8217;s on my long list. The advanced course will probably be more intensive and I need to find some quality time for this.<\/p>\n\n\n\n<h2 class=\"wp-block-heading\">Graduation Ceremony 2020<\/h2>\n\n\n\n<figure class=\"wp-block-image size-medium align right\"><img loading=\"lazy\" decoding=\"async\" width=\"300\" height=\"200\" src=\"https:\/\/www.aswinlutchanah.com\/blog\/wp-content\/uploads\/2021\/08\/Aswin-Lutchanah-Graduation-Ceremony-2020-Sophie-Margue-20210512-300x200.jpg\" alt=\"\" class=\"wp-image-648\" srcset=\"https:\/\/www.aswinlutchanah.com\/blog\/wp-content\/uploads\/2021\/08\/Aswin-Lutchanah-Graduation-Ceremony-2020-Sophie-Margue-20210512-300x200.jpg 300w, https:\/\/www.aswinlutchanah.com\/blog\/wp-content\/uploads\/2021\/08\/Aswin-Lutchanah-Graduation-Ceremony-2020-Sophie-Margue-20210512-1024x683.jpg 1024w, https:\/\/www.aswinlutchanah.com\/blog\/wp-content\/uploads\/2021\/08\/Aswin-Lutchanah-Graduation-Ceremony-2020-Sophie-Margue-20210512-768x512.jpg 768w, https:\/\/www.aswinlutchanah.com\/blog\/wp-content\/uploads\/2021\/08\/Aswin-Lutchanah-Graduation-Ceremony-2020-Sophie-Margue-20210512-1536x1025.jpg 1536w, https:\/\/www.aswinlutchanah.com\/blog\/wp-content\/uploads\/2021\/08\/Aswin-Lutchanah-Graduation-Ceremony-2020-Sophie-Margue-20210512-2048x1366.jpg 2048w\" sizes=\"auto, (max-width: 300px) 100vw, 300px\" \/><figcaption>\u00a9 University of Luxembourg \/ Sophie Margue<\/figcaption><\/figure>\n\n\n\n<p><strong>May 2021<\/strong>. Usually, the Graduation Ceremony is a graduation week that takes place in December. Once again, due to the pandemic, we couldn&#8217;t organise it in person in December. It was held in a hybrid version. To make the Class of 2020 participate in the ceremony, we asked them on Social Media and via emailing to send us a pic with their diploma. Together with Diana, Krystina and Sheena, we came up with this video which brought some smiles to our graduates. Diana did a wonderful job to edit this video. I am very proud of this project as well.<\/p>\n\n\n\n<iframe loading=\"lazy\" width=\"560\" height=\"315\" src=\"https:\/\/www.youtube.com\/embed\/Cf8Ef2xlmt4\" title=\"YouTube video player\" frameborder=\"0\" allow=\"accelerometer; autoplay; clipboard-write; encrypted-media; gyroscope; picture-in-picture\" allowfullscreen><\/iframe>\n\n\n\n<h2 class=\"wp-block-heading\">Photoshooting with uni.lu students<\/h2>\n\n\n\n<figure class=\"wp-block-image size-large\"><img loading=\"lazy\" decoding=\"async\" width=\"1024\" height=\"683\" src=\"https:\/\/www.aswinlutchanah.com\/blog\/wp-content\/uploads\/2021\/08\/Photoshooting-University-of-Luxembourg-Aswin-Lutchanah-Sophie-Margue-1024x683.jpg\" alt=\"\" class=\"wp-image-632\" srcset=\"https:\/\/www.aswinlutchanah.com\/blog\/wp-content\/uploads\/2021\/08\/Photoshooting-University-of-Luxembourg-Aswin-Lutchanah-Sophie-Margue-1024x683.jpg 1024w, https:\/\/www.aswinlutchanah.com\/blog\/wp-content\/uploads\/2021\/08\/Photoshooting-University-of-Luxembourg-Aswin-Lutchanah-Sophie-Margue-300x200.jpg 300w, https:\/\/www.aswinlutchanah.com\/blog\/wp-content\/uploads\/2021\/08\/Photoshooting-University-of-Luxembourg-Aswin-Lutchanah-Sophie-Margue-768x512.jpg 768w, https:\/\/www.aswinlutchanah.com\/blog\/wp-content\/uploads\/2021\/08\/Photoshooting-University-of-Luxembourg-Aswin-Lutchanah-Sophie-Margue-1536x1025.jpg 1536w, https:\/\/www.aswinlutchanah.com\/blog\/wp-content\/uploads\/2021\/08\/Photoshooting-University-of-Luxembourg-Aswin-Lutchanah-Sophie-Margue-2048x1366.jpg 2048w\" sizes=\"auto, (max-width: 1024px) 100vw, 1024px\" \/><figcaption>\u00a9 University of Luxembourg \/ Sophie Margue<\/figcaption><\/figure>\n\n\n\n<p><strong>June 2021<\/strong>. Each year, we need photos to promote the University and this was the latest photoshooting organised on Belval Campus. I would like to thank Cassandra, Silvi, Nelson, Mika, Maria &amp; Sheena to readily accept participating when I contacted them. Thank you to Krystina and Sophie Margue to make this happen. We had fun and enjoyed that one too. This is something important to me: smile and make people smile around me.<\/p>\n\n\n\n<p>Between, if you have read till now, the featured picture comes from this photoshooting. I was holding the stuff of the students while they were posing as models. This picture somehow reflects the job of a Social Media Manager; you need to multitask and you need to endlessly acquire new skills. Here, we agree, you don&#8217;t need to have a lot of skills to be a coat hanger &#8230; \ud83d\ude02<\/p>\n\n\n\n<h2 class=\"wp-block-heading\">World Social Media Day<\/h2>\n\n\n\n<p><strong>30 June 2021<\/strong>. For this year&#8217;s World Social Media Day, I wanted to emphasise more on the social part of social media which we tend to forget. This post got a lot of attention on my LinkedIn as you can read below.<\/p>\n\n\n\n<iframe loading=\"lazy\" src=\"https:\/\/www.linkedin.com\/embed\/feed\/update\/urn:li:share:6815888746211262464\" height=\"1161\" width=\"504\" frameborder=\"0\" allowfullscreen=\"\" title=\"Embedded post\"><\/iframe>\n\n\n\n<h2 class=\"wp-block-heading\">Tiktokers of Luxembourg &#8211; Delano Magazine<\/h2>\n\n\n\n<img loading=\"lazy\" decoding=\"async\" width=\"300\" height=\"225\" src=\"https:\/\/www.aswinlutchanah.com\/blog\/wp-content\/uploads\/2021\/07\/tiktokers-of-luxembourg-delano-aswin-lutchanah-social-media-manager-300x225.jpg\" alt=\"Tiktokers of Luxembourg - Delano Magazine\" class=\"wp-image-473 align left\" srcset=\"https:\/\/www.aswinlutchanah.com\/blog\/wp-content\/uploads\/2021\/07\/tiktokers-of-luxembourg-delano-aswin-lutchanah-social-media-manager-300x225.jpg 300w, https:\/\/www.aswinlutchanah.com\/blog\/wp-content\/uploads\/2021\/07\/tiktokers-of-luxembourg-delano-aswin-lutchanah-social-media-manager-1024x768.jpg 1024w, https:\/\/www.aswinlutchanah.com\/blog\/wp-content\/uploads\/2021\/07\/tiktokers-of-luxembourg-delano-aswin-lutchanah-social-media-manager-768x576.jpg 768w, https:\/\/www.aswinlutchanah.com\/blog\/wp-content\/uploads\/2021\/07\/tiktokers-of-luxembourg-delano-aswin-lutchanah-social-media-manager-1536x1152.jpg 1536w, https:\/\/www.aswinlutchanah.com\/blog\/wp-content\/uploads\/2021\/07\/tiktokers-of-luxembourg-delano-aswin-lutchanah-social-media-manager-2048x1536.jpg 2048w\" sizes=\"auto, (max-width: 300px) 100vw, 300px\" \/>\n\n\n\n<p><em>Five creative thinkers in the grand duchy share tips to get you started on the social media phenomenon.<\/em>&nbsp;<\/p>\n\n\n\n<p>This is how Delano Magazine introduced <a href=\"https:\/\/www.aswinlutchanah.com\/blog\/tiktokers-of-luxembourg-delano-magazine\/\">5 Tiktokers of Luxembourg in their Pick\u2019n\u2019mix article of July 2021 edition<\/a>. I was honoured to be interviewed by Delano to share my thoughts about this social media platform. I&#8217;m still a newbie on TikTok. However, I love digital and to try out new things and of course learn. <a href=\"https:\/\/www.tiktok.com\/@aswinlutchanah?\">Check my TikTok account<\/a> (newbie, positive vibes, smile, dance, testing).<\/p>\n\n\n\n<h2 class=\"wp-block-heading\">Positive feedbacks from the uni.lu student community on Instagram<\/h2>\n\n\n\n<figure class=\"wp-block-image size-large is-resized align left\"><img loading=\"lazy\" decoding=\"async\" src=\"https:\/\/www.aswinlutchanah.com\/blog\/wp-content\/uploads\/2021\/08\/thesis-positive-feedback-social-media-manager-aswin-lutchanah-lina-576x1024.jpg\" alt=\"\" class=\"wp-image-653\" width=\"288\" height=\"512\" srcset=\"https:\/\/www.aswinlutchanah.com\/blog\/wp-content\/uploads\/2021\/08\/thesis-positive-feedback-social-media-manager-aswin-lutchanah-lina-576x1024.jpg 576w, https:\/\/www.aswinlutchanah.com\/blog\/wp-content\/uploads\/2021\/08\/thesis-positive-feedback-social-media-manager-aswin-lutchanah-lina-169x300.jpg 169w, https:\/\/www.aswinlutchanah.com\/blog\/wp-content\/uploads\/2021\/08\/thesis-positive-feedback-social-media-manager-aswin-lutchanah-lina-768x1365.jpg 768w, https:\/\/www.aswinlutchanah.com\/blog\/wp-content\/uploads\/2021\/08\/thesis-positive-feedback-social-media-manager-aswin-lutchanah-lina-864x1536.jpg 864w, https:\/\/www.aswinlutchanah.com\/blog\/wp-content\/uploads\/2021\/08\/thesis-positive-feedback-social-media-manager-aswin-lutchanah-lina-1152x2048.jpg 1152w, https:\/\/www.aswinlutchanah.com\/blog\/wp-content\/uploads\/2021\/08\/thesis-positive-feedback-social-media-manager-aswin-lutchanah-lina.jpg 1170w\" sizes=\"auto, (max-width: 288px) 100vw, 288px\" \/><figcaption><a href=\"https:\/\/www.linkedin.com\/feed\/update\/urn:li:activity:6818235163663843328\/\">A student added me in the thank you section of her thesis. <\/a><br><a href=\"https:\/\/www.linkedin.com\/feed\/update\/urn:li:activity:6818235163663843328\/\">Thank you Lina.<\/a><\/figcaption><\/figure>\n\n\n\n<p><strong>July 2021<\/strong>. This happens all the time and I could write a whole article with the positive feedbacks I receive from students. During the pandemic, I showed more care via our Instagram account by motivating students and writing motivational stories. During the exam period, I write a story every morning and night to motivate them, show them we care and motivate them. As far as possible, we send personalised messages to the maximum of students. This is something well appreciated. Here are some of the latest positive feedbacks I received.<\/p>\n\n\n\n<blockquote class=\"wp-block-quote align right is-layout-flow wp-block-quote-is-layout-flow\"><p>Hello!! I will be joining the Bachelor in (&#8230;) starting this September, yaaay!! Can&#8217;t wait to meet everyone and finally see the campus irl \ud83e\udd70 Also, I&#8217;ve been following the page for quite a while and I gotta say what you&#8217;re doing is amazing, as for my experience I haven&#8217;t seen a uni page this joyful and interactive:) Big congrats from me!!<\/p><\/blockquote>\n\n\n\n<hr class=\"wp-block-separator aligncenter is-style-dots\"\/>\n\n\n\n<blockquote class=\"wp-block-quote is-layout-flow wp-block-quote-is-layout-flow\"><p>I just saw your post and it is sooo inspiring!<br>You are doing such a great job and it is actually your amazing management of the University of Luxembourg&#8217;s social media that made me consider APPLYING next year for a masters degree there! \ud83d\ude01\ud83d\ude01\ud83d\ude01\ud83d\ude01<\/p><\/blockquote>\n\n\n\n<hr class=\"wp-block-separator is-style-dots\"\/>\n\n\n\n<blockquote class=\"wp-block-quote is-layout-flow wp-block-quote-is-layout-flow\"><p>I thank you so much for your loving and motivating words through the semester, you gave me the motivation to get through it, when I couldn&#8217;t find it myself. \ud83e\udd17 \ud83d\ude4f\ud83c\udffb I really appreciate your time and effort that you put into this account, to help the students through their university career.<\/p><\/blockquote>\n\n\n\n<hr class=\"wp-block-separator is-style-dots\"\/>\n\n\n\n<blockquote class=\"wp-block-quote is-layout-flow wp-block-quote-is-layout-flow\"><p>I got my bachelor degree! \ud83e\udd73 Thank you for your kind and motivational posts and messages during the semester \ud83e\udd17<\/p><\/blockquote>\n\n\n\n<hr class=\"wp-block-separator is-style-dots\"\/>\n\n\n\n<blockquote class=\"wp-block-quote is-layout-flow wp-block-quote-is-layout-flow\"><p>Hey!\ud83d\ude01\ud83d\ude01 Hope you guys are doing well! A quick thank you also from me for all this motivation stories and pushes, they really helped and are still helping, since I am still doing my Erasmus Semester in Trier and have 2 more exams next week\ud83d\ude05 The last ones close the door I guess\ud83d\ude05\ud83d\ude02 But yes, thank you for the help you give when we got a problem or question and your constant input! I sure hope you guys enjoy your vacation and off-time too as soon as they start. Until then, take care!\ud83d\ude01\u270c\ud83c\udffb<\/p><\/blockquote>\n\n\n\n<hr class=\"wp-block-separator is-style-dots\"\/>\n\n\n\n<blockquote class=\"wp-block-quote is-layout-flow wp-block-quote-is-layout-flow\"><p>Thank you for being such an activist for positive vibes and those motivational stories are really helpful during a stressful Uni-time!! You\u2018re doing a great job!\ud83d\udc4f\ud83c\udffb\ud83d\udc4f\ud83c\udffb\ud83d\udc4f\ud83c\udffb\ud83d\udc4f\ud83c\udffb<\/p><\/blockquote>\n\n\n\n<hr class=\"wp-block-separator is-style-dots\"\/>\n\n\n\n<blockquote class=\"wp-block-quote is-layout-flow wp-block-quote-is-layout-flow\"><p>Merci \u00e0 toi pour l\u2019accompagnement et pour nous avoir pouss\u00e9<br>Continue comme \u00e7a t\u2019es Formidable avec nous \ud83d\ude42<br>Be proud of yourself for being a so amazing support \ud83d\ude42<\/p><\/blockquote>\n\n\n\n<hr class=\"wp-block-separator is-style-dots\"\/>\n\n\n\n<blockquote class=\"wp-block-quote is-layout-flow wp-block-quote-is-layout-flow\"><p>you are literally the definition of a successful social media management, you are doing a great job! thank you so much, you too \ud83e\udd73\ud83e\udd70<\/p><\/blockquote>\n\n\n\n<hr class=\"wp-block-separator is-style-dots\"\/>\n\n\n\n<blockquote class=\"wp-block-quote is-layout-flow wp-block-quote-is-layout-flow\"><p>I&#8217;m really happy our Uni has an active insta account. You&#8217;re doing an amazing job. Super proud as a student to have you!!! Well it had to be said. Honestly I just keep bragging about this to my friends \ud83d\ude02 Does your uni have an insta account this cool ? \ud83d\ude0f\ud83d\ude0e Keep up the good work!! \ud83d\udcaa\ud83c\udffd\ud83d\udcaa\ud83c\udffd<\/p><\/blockquote>\n\n\n\n<p>Don&#8217;t take yourself too seriously. Keep the positive vibes flowing and keep smiling. Writing this article with the highlights have made me feel proud, I&#8217;ve smiled a lot and realised that it was a very nice year. I didn&#8217;t include all the other tasks such as replying to questions, social media campaigns, digital marketing but there are more. There is always more but this article is about highlights. <\/p>\n\n\n\n<p>Thank you everyone who helped me make all of this happen. You are the best.<\/p>\n\n\n\n<p>My list is still very long and I will do my best to keep it long while realising some on it.<\/p>\n\n\n\n<p>Smile. Create. Inspire. \ud83d\udc9b<br>Take Care,<br>Aswin<\/p>\n","protected":false},"excerpt":{"rendered":"<p>Tell me you love your job without telling me you love your job. A picture is worth a thousand words they say. That&#8217;s why I chose this funny picture to illustrate this article celebrating my 6 years as a full-time Social Media Manager. Do you want to know more about the story behind this picture? [&hellip;]<\/p>\n","protected":false},"author":1,"featured_media":686,"comment_status":"open","ping_status":"open","sticky":false,"template":"","format":"standard","meta":{"footnotes":""},"categories":[11,6],"tags":[129],"class_list":["post-563","post","type-post","status-publish","format-standard","has-post-thumbnail","hentry","category-about-me","category-social-media","tag-social-media-manager"],"yoast_head":"<!-- This site is optimized with the Yoast SEO plugin v27.4 - https:\/\/yoast.com\/product\/yoast-seo-wordpress\/ -->\n<title>Tell me you love your job without telling me you love your job - Aswin Lutchanah&#039;s blog<\/title>\n<meta name=\"description\" content=\"Tell me you love your job without telling me you love your job: celebrating my 6 years as a full-time Social Media Manager at the University of Luxembourg.\" \/>\n<meta name=\"robots\" content=\"index, follow, max-snippet:-1, max-image-preview:large, max-video-preview:-1\" \/>\n<link rel=\"canonical\" href=\"https:\/\/www.aswinlutchanah.com\/blog\/tell-me-you-love-your-job-without-telling-me-you-love-your-job\/\" \/>\n<meta property=\"og:locale\" content=\"en_GB\" \/>\n<meta property=\"og:type\" content=\"article\" \/>\n<meta property=\"og:title\" content=\"Tell me you love your job without telling me you love your job - Aswin Lutchanah&#039;s blog\" \/>\n<meta property=\"og:description\" content=\"Tell me you love your job without telling me you love your job: celebrating my 6 years as a full-time Social Media Manager at the University of Luxembourg.\" \/>\n<meta property=\"og:url\" content=\"https:\/\/www.aswinlutchanah.com\/blog\/tell-me-you-love-your-job-without-telling-me-you-love-your-job\/\" \/>\n<meta property=\"og:site_name\" content=\"Aswin Lutchanah&#039;s blog\" \/>\n<meta property=\"article:published_time\" content=\"2021-08-01T13:08:00+00:00\" \/>\n<meta property=\"article:modified_time\" content=\"2021-08-01T13:15:53+00:00\" \/>\n<meta property=\"og:image\" content=\"https:\/\/www.aswinlutchanah.com\/blog\/wp-content\/uploads\/2021\/08\/Aswin-Lutchanah-Social-Media-Manager-funny-picture-scaled.jpg\" \/>\n\t<meta property=\"og:image:width\" content=\"2560\" \/>\n\t<meta property=\"og:image:height\" content=\"1708\" \/>\n\t<meta property=\"og:image:type\" content=\"image\/jpeg\" \/>\n<meta name=\"author\" content=\"Aswin Lutchanah\" \/>\n<meta name=\"twitter:card\" content=\"summary_large_image\" \/>\n<meta name=\"twitter:image\" content=\"https:\/\/www.aswinlutchanah.com\/blog\/wp-content\/uploads\/2021\/08\/Aswin-Lutchanah-Social-Media-Manager-funny-picture-scaled.jpg\" \/>\n<meta name=\"twitter:creator\" content=\"@aswinlutchanah\" \/>\n<meta name=\"twitter:site\" content=\"@aswinlutchanah\" \/>\n<meta name=\"twitter:label1\" content=\"Written by\" \/>\n\t<meta name=\"twitter:data1\" content=\"Aswin Lutchanah\" \/>\n\t<meta name=\"twitter:label2\" content=\"Estimated reading time\" \/>\n\t<meta name=\"twitter:data2\" content=\"17 minutes\" \/>\n<!-- \/ Yoast SEO plugin. -->","yoast_head_json":{"title":"Tell me you love your job without telling me you love your job - Aswin Lutchanah&#039;s blog","description":"Tell me you love your job without telling me you love your job: celebrating my 6 years as a full-time Social Media Manager at the University of Luxembourg.","robots":{"index":"index","follow":"follow","max-snippet":"max-snippet:-1","max-image-preview":"max-image-preview:large","max-video-preview":"max-video-preview:-1"},"canonical":"https:\/\/www.aswinlutchanah.com\/blog\/tell-me-you-love-your-job-without-telling-me-you-love-your-job\/","og_locale":"en_GB","og_type":"article","og_title":"Tell me you love your job without telling me you love your job - Aswin Lutchanah&#039;s blog","og_description":"Tell me you love your job without telling me you love your job: celebrating my 6 years as a full-time Social Media Manager at the University of Luxembourg.","og_url":"https:\/\/www.aswinlutchanah.com\/blog\/tell-me-you-love-your-job-without-telling-me-you-love-your-job\/","og_site_name":"Aswin Lutchanah&#039;s blog","article_published_time":"2021-08-01T13:08:00+00:00","article_modified_time":"2021-08-01T13:15:53+00:00","og_image":[{"width":2560,"height":1708,"url":"https:\/\/www.aswinlutchanah.com\/blog\/wp-content\/uploads\/2021\/08\/Aswin-Lutchanah-Social-Media-Manager-funny-picture-scaled.jpg","type":"image\/jpeg"}],"author":"Aswin Lutchanah","twitter_card":"summary_large_image","twitter_image":"https:\/\/www.aswinlutchanah.com\/blog\/wp-content\/uploads\/2021\/08\/Aswin-Lutchanah-Social-Media-Manager-funny-picture-scaled.jpg","twitter_creator":"@aswinlutchanah","twitter_site":"@aswinlutchanah","twitter_misc":{"Written by":"Aswin Lutchanah","Estimated reading time":"17 minutes"},"schema":{"@context":"https:\/\/schema.org","@graph":[{"@type":"Article","@id":"https:\/\/www.aswinlutchanah.com\/blog\/tell-me-you-love-your-job-without-telling-me-you-love-your-job\/#article","isPartOf":{"@id":"https:\/\/www.aswinlutchanah.com\/blog\/tell-me-you-love-your-job-without-telling-me-you-love-your-job\/"},"author":{"name":"Aswin Lutchanah","@id":"https:\/\/www.aswinlutchanah.com\/blog\/#\/schema\/person\/d202f5207244ea3329688126f09dd157"},"headline":"Tell me you love your job without telling me you love your job","datePublished":"2021-08-01T13:08:00+00:00","dateModified":"2021-08-01T13:15:53+00:00","mainEntityOfPage":{"@id":"https:\/\/www.aswinlutchanah.com\/blog\/tell-me-you-love-your-job-without-telling-me-you-love-your-job\/"},"wordCount":3030,"commentCount":0,"publisher":{"@id":"https:\/\/www.aswinlutchanah.com\/blog\/#\/schema\/person\/d202f5207244ea3329688126f09dd157"},"image":{"@id":"https:\/\/www.aswinlutchanah.com\/blog\/tell-me-you-love-your-job-without-telling-me-you-love-your-job\/#primaryimage"},"thumbnailUrl":"https:\/\/www.aswinlutchanah.com\/blog\/wp-content\/uploads\/2021\/08\/Aswin-Lutchanah-Social-Media-Manager-funny-picture-scaled.jpg","keywords":["Social Media Manager"],"articleSection":["About","Social Media"],"inLanguage":"en-GB","potentialAction":[{"@type":"CommentAction","name":"Comment","target":["https:\/\/www.aswinlutchanah.com\/blog\/tell-me-you-love-your-job-without-telling-me-you-love-your-job\/#respond"]}]},{"@type":"WebPage","@id":"https:\/\/www.aswinlutchanah.com\/blog\/tell-me-you-love-your-job-without-telling-me-you-love-your-job\/","url":"https:\/\/www.aswinlutchanah.com\/blog\/tell-me-you-love-your-job-without-telling-me-you-love-your-job\/","name":"Tell me you love your job without telling me you love your job - Aswin Lutchanah&#039;s blog","isPartOf":{"@id":"https:\/\/www.aswinlutchanah.com\/blog\/#website"},"primaryImageOfPage":{"@id":"https:\/\/www.aswinlutchanah.com\/blog\/tell-me-you-love-your-job-without-telling-me-you-love-your-job\/#primaryimage"},"image":{"@id":"https:\/\/www.aswinlutchanah.com\/blog\/tell-me-you-love-your-job-without-telling-me-you-love-your-job\/#primaryimage"},"thumbnailUrl":"https:\/\/www.aswinlutchanah.com\/blog\/wp-content\/uploads\/2021\/08\/Aswin-Lutchanah-Social-Media-Manager-funny-picture-scaled.jpg","datePublished":"2021-08-01T13:08:00+00:00","dateModified":"2021-08-01T13:15:53+00:00","description":"Tell me you love your job without telling me you love your job: celebrating my 6 years as a full-time Social Media Manager at the University of Luxembourg.","breadcrumb":{"@id":"https:\/\/www.aswinlutchanah.com\/blog\/tell-me-you-love-your-job-without-telling-me-you-love-your-job\/#breadcrumb"},"inLanguage":"en-GB","potentialAction":[{"@type":"ReadAction","target":["https:\/\/www.aswinlutchanah.com\/blog\/tell-me-you-love-your-job-without-telling-me-you-love-your-job\/"]}]},{"@type":"ImageObject","inLanguage":"en-GB","@id":"https:\/\/www.aswinlutchanah.com\/blog\/tell-me-you-love-your-job-without-telling-me-you-love-your-job\/#primaryimage","url":"https:\/\/www.aswinlutchanah.com\/blog\/wp-content\/uploads\/2021\/08\/Aswin-Lutchanah-Social-Media-Manager-funny-picture-scaled.jpg","contentUrl":"https:\/\/www.aswinlutchanah.com\/blog\/wp-content\/uploads\/2021\/08\/Aswin-Lutchanah-Social-Media-Manager-funny-picture-scaled.jpg","width":2560,"height":1708,"caption":"Aswin Lutchanah funny picture"},{"@type":"BreadcrumbList","@id":"https:\/\/www.aswinlutchanah.com\/blog\/tell-me-you-love-your-job-without-telling-me-you-love-your-job\/#breadcrumb","itemListElement":[{"@type":"ListItem","position":1,"name":"Home","item":"https:\/\/www.aswinlutchanah.com\/blog\/"},{"@type":"ListItem","position":2,"name":"Tell me you love your job without telling me you love your job"}]},{"@type":"WebSite","@id":"https:\/\/www.aswinlutchanah.com\/blog\/#website","url":"https:\/\/www.aswinlutchanah.com\/blog\/","name":"Aswin Lutchanah","description":"Digital Hybrid Social Media Manager","publisher":{"@id":"https:\/\/www.aswinlutchanah.com\/blog\/#\/schema\/person\/d202f5207244ea3329688126f09dd157"},"potentialAction":[{"@type":"SearchAction","target":{"@type":"EntryPoint","urlTemplate":"https:\/\/www.aswinlutchanah.com\/blog\/?s={search_term_string}"},"query-input":{"@type":"PropertyValueSpecification","valueRequired":true,"valueName":"search_term_string"}}],"inLanguage":"en-GB"},{"@type":["Person","Organization"],"@id":"https:\/\/www.aswinlutchanah.com\/blog\/#\/schema\/person\/d202f5207244ea3329688126f09dd157","name":"Aswin Lutchanah","image":{"@type":"ImageObject","inLanguage":"en-GB","@id":"https:\/\/www.aswinlutchanah.com\/blog\/wp-content\/uploads\/2020\/06\/logo-1.png","url":"https:\/\/www.aswinlutchanah.com\/blog\/wp-content\/uploads\/2020\/06\/logo-1.png","contentUrl":"https:\/\/www.aswinlutchanah.com\/blog\/wp-content\/uploads\/2020\/06\/logo-1.png","width":724,"height":157,"caption":"Aswin Lutchanah"},"logo":{"@id":"https:\/\/www.aswinlutchanah.com\/blog\/wp-content\/uploads\/2020\/06\/logo-1.png"},"description":"Hybrid Social Media Manager with over 9 years of experience specialising in Social Media. Experienced with all aspects of Social Media Management. Having a Master degree in Computer Science, I have an in-depth knowledge of the digital world including Social Media, Community Management, Social Media......","sameAs":["https:\/\/www.aswinlutchanah.com"]}]}},"_links":{"self":[{"href":"https:\/\/www.aswinlutchanah.com\/blog\/wp-json\/wp\/v2\/posts\/563","targetHints":{"allow":["GET"]}}],"collection":[{"href":"https:\/\/www.aswinlutchanah.com\/blog\/wp-json\/wp\/v2\/posts"}],"about":[{"href":"https:\/\/www.aswinlutchanah.com\/blog\/wp-json\/wp\/v2\/types\/post"}],"author":[{"embeddable":true,"href":"https:\/\/www.aswinlutchanah.com\/blog\/wp-json\/wp\/v2\/users\/1"}],"replies":[{"embeddable":true,"href":"https:\/\/www.aswinlutchanah.com\/blog\/wp-json\/wp\/v2\/comments?post=563"}],"version-history":[{"count":107,"href":"https:\/\/www.aswinlutchanah.com\/blog\/wp-json\/wp\/v2\/posts\/563\/revisions"}],"predecessor-version":[{"id":687,"href":"https:\/\/www.aswinlutchanah.com\/blog\/wp-json\/wp\/v2\/posts\/563\/revisions\/687"}],"wp:featuredmedia":[{"embeddable":true,"href":"https:\/\/www.aswinlutchanah.com\/blog\/wp-json\/wp\/v2\/media\/686"}],"wp:attachment":[{"href":"https:\/\/www.aswinlutchanah.com\/blog\/wp-json\/wp\/v2\/media?parent=563"}],"wp:term":[{"taxonomy":"category","embeddable":true,"href":"https:\/\/www.aswinlutchanah.com\/blog\/wp-json\/wp\/v2\/categories?post=563"},{"taxonomy":"post_tag","embeddable":true,"href":"https:\/\/www.aswinlutchanah.com\/blog\/wp-json\/wp\/v2\/tags?post=563"}],"curies":[{"name":"wp","href":"https:\/\/api.w.org\/{rel}","templated":true}]}}