{"id":689,"date":"2021-08-15T11:21:21","date_gmt":"2021-08-15T09:21:21","guid":{"rendered":"https:\/\/www.aswinlutchanah.com\/blog\/?p=689"},"modified":"2021-08-15T11:23:34","modified_gmt":"2021-08-15T09:23:34","slug":"merci-andre","status":"publish","type":"post","link":"https:\/\/www.aswinlutchanah.com\/blog\/merci-andre\/","title":{"rendered":"Merci Andr\u00e9"},"content":{"rendered":"\n<p class=\"has-drop-cap\"><strong>Merci Andr\u00e9<\/strong>. C&#8217;est officiellement ton dernier jour \u00e0 l&#8217;Universit\u00e9 du Luxembourg apr\u00e8s y avoir pass\u00e9 plus de 10 ans. Je voulais te dire merci car tu es une des premi\u00e8res personnes que j&#8217;ai connue quand j&#8217;ai commenc\u00e9 ma relation avec l&#8217;Uni il y a environ 8 ans. J&#8217;ai eu l&#8217;occasion de te dire en face tout le mal que je pense de toi mais je voulais marquer le coup en ces quelques mots car comme dit l&#8217;adage : <em>les paroles s&#8217;envolent, les \u00e9crits restent &#8230;<\/em><\/p>\n\n\n\n<p><strong>Choqu\u00e9<\/strong>. Quand j&#8217;ai appris que tu partais, cela a cr\u00e9\u00e9 un s\u00e9isme dans mon quotidien. Les questions ont commenc\u00e9 \u00e0 fuser dans ma t\u00eate :<\/p>\n\n\n\n<p>&#8211; Pourquoi ? <br>&#8211; Comment ?<br>&#8211; Est-ce que c&#8217;est vrai ?<br>&#8211; Non, ce n&#8217;est pas possible.<br>&#8211; Andr\u00e9 ?<br>&#8211; Andr\u00e9 de l&#8217;IT ?<br>&#8211; Non, pas lui !<br>&#8211; Je suis trop d\u00e9go\u00fbt\u00e9 &#8230;<\/p>\n\n\n\n<p>Tr\u00e8s rapidement, j&#8217;ai pris en contact avec toi. Depuis le temps qu&#8217;on voulait se faire un lunch mais nous n&#8217;avions jamais pris le temps. J&#8217;avais la ferme intention d&#8217;essayer de te convaincre de rester m\u00eame si au fond de moi te connaissant, je savais que ce serait mission impossible. La date \u00e9tait fix\u00e9e et tu m&#8217;as envoy\u00e9 un meeting request pour que ce soit dans notre calendrier et qu&#8217;on ne loupe pas cette occasion.<\/p>\n\n\n\n<p><strong>Flashback<\/strong>. Entre la prise de rendez-vous et le jour du rendez-vous, j&#8217;ai eu l&#8217;occasion de repenser \u00e0 plein de choses. Alors que j&#8217;\u00e9tais encore consultant externe Social Media, on \u00e9tait en contact car je d\u00e9veloppais des applis Facebook et il me fallait le mettre sur le serveur de l&#8217;IT. Ismael et toi \u00e9taient mes premiers contacts. <\/p>\n\n\n\n<p>Tout commen\u00e7a ainsi et quand je signais pour devenir le full time Social Media Manage d&#8217;uni.lu, je suis venu dans votre bureau tellement de fois. Avec le temps, j&#8217;ai toujours \u00e9t\u00e9 gratifi\u00e9 d&#8217;un :<\/p>\n\n\n\n<p>\u00ab Aswinnnnnnnnn !!! \u00bb<\/p>\n\n\n\n<p>M\u00eame si vous saviez que ma pr\u00e9sence serait folle pour ne pas changer. Alors, apr\u00e8s les petites amabilit\u00e9s et les rigolades, je me mettais \u00e0 c\u00f4t\u00e9 de toi, Andr\u00e9, pour des fois des mises en place <abbr title=\"Search Engine Optimisation\">SEO<\/abbr> &amp; <abbr title=\"Social Media Optimisation\">SMO<\/abbr> sur le site, des am\u00e9liorations durables, les balises schema.org, applis ou autres id\u00e9es folles. Tu \u00e9tais toujours patient. Parfois, on restait tr\u00e8s longtemps \u00e0 \u00e9changer et \u00e0 trouver ensemble des solutions pour am\u00e9liorer les choses. J&#8217;aimais \u00e9norm\u00e9ment ces moments-l\u00e0. Cela me permettait de garder contact avec mon pass\u00e9 de d\u00e9veloppeur web tout en faisant ce que j&#8217;aime aujourd&#8217;hui. Ces moments-l\u00e0 resteront \u00e0 jamais parmi mes meilleurs souvenirs. Je retiendrai aussi les grosses discussions sur le football et combien on s&#8217;est chambr\u00e9 avec Ismael aussi.<\/p>\n\n\n\n<p>Le jour du resto. Enfin, je descends au 11<sup>\u00e8me<\/sup> et je discute avec David en attendant que tu termines un meeting. On se voit et hop, c&#8217;est parti. On d\u00e9cide du resto en last minute. On va au Beets et je te propose de d\u00e9couvrir leur Mac\u2019n\u2019 Cheese que tu adores. Parenth\u00e8se : Oh ma grand-m\u00e8re que c&#8217;est bon ! Si tu aimes les piments comme moi, tu vas adorer ce plat. Bon, il faudra pas mal courir apr\u00e8s &#8230; Merci \u00e0 Margaux qui m&#8217;a fait d\u00e9couvrir ce plat.<\/p>\n\n\n\n<p>Lors de ce d\u00e9jeuner, on a eu l&#8217;occasion de pas mal discuter et j&#8217;ai eu l&#8217;occasion de te dire combien je t&#8217;appr\u00e9ciais. Tu es une personne remplie d&#8217;humanit\u00e9, qui aime se d\u00e9passer, qui est toujours disponible \u00e0 aider dans la mesure du possible, qui a les connaissances pour mieux g\u00e9rer. Tu es un bon leader. Je te remercie pour nos \u00e9changes, pour ce que j&#8217;ai appris de toi et pour avoir rendu mon int\u00e9gration et mon exp\u00e9rience \u00e0 l&#8217;Universit\u00e9 meilleure. Ah merci aussi pour le d\u00e9jeuner, le prochain c&#8217;est pour moi. Tu me feras signe d\u00e8s que tu auras pris tes marques dans ta nouvelle aventure professionnelle. J&#8217;ai h\u00e2te de te revoir et que tu me racontes tout \u00e7a. Je ne te souhaite pas grand chose car je sais que le meilleur sera au rendez-vous pour toi. <\/p>\n\n\n\n<p>Tu vas me manquer mon pote. <\/p>\n\n\n\n<p><strong>Merci <a href=\"https:\/\/www.linkedin.com\/in\/andre-silva-3ba7954a\/\">Andr\u00e9<\/a>.<\/strong><\/p>\n\n\n\n<p>Take Care,<br>Aswin<\/p>\n","protected":false},"excerpt":{"rendered":"<p>Merci Andr\u00e9. C&#8217;est officiellement ton dernier jour \u00e0 l&#8217;Universit\u00e9 du Luxembourg apr\u00e8s y avoir pass\u00e9 plus de 10 ans. Je voulais te dire merci car tu es une des premi\u00e8res personnes que j&#8217;ai connue quand j&#8217;ai commenc\u00e9 ma relation avec l&#8217;Uni il y a environ 8 ans. J&#8217;ai eu l&#8217;occasion de te dire en face [&hellip;]<\/p>\n","protected":false},"author":1,"featured_media":690,"comment_status":"open","ping_status":"open","sticky":false,"template":"","format":"standard","meta":{"footnotes":""},"categories":[1],"tags":[],"class_list":["post-689","post","type-post","status-publish","format-standard","has-post-thumbnail","hentry","category-uncategorized"],"yoast_head":"<!-- This site is optimized with the Yoast SEO plugin v27.4 - https:\/\/yoast.com\/product\/yoast-seo-wordpress\/ -->\n<title>Merci Andr\u00e9 - Aswin Lutchanah&#039;s blog<\/title>\n<meta name=\"description\" content=\"Merci Andr\u00e9. Hommage \u00e0 un coll\u00e8gue de l&#039;Universit\u00e9 du Luxembourg ; il a \u00e9t\u00e9 un de mes premiers contacts qui a rendu mon exp\u00e9rience meilleure.\" \/>\n<meta name=\"robots\" content=\"index, follow, max-snippet:-1, max-image-preview:large, max-video-preview:-1\" \/>\n<link rel=\"canonical\" href=\"https:\/\/www.aswinlutchanah.com\/blog\/merci-andre\/\" \/>\n<meta property=\"og:locale\" content=\"en_GB\" \/>\n<meta property=\"og:type\" content=\"article\" \/>\n<meta property=\"og:title\" content=\"Merci Andr\u00e9 - Aswin Lutchanah&#039;s blog\" \/>\n<meta property=\"og:description\" content=\"Merci Andr\u00e9. Hommage \u00e0 un coll\u00e8gue de l&#039;Universit\u00e9 du Luxembourg ; il a \u00e9t\u00e9 un de mes premiers contacts qui a rendu mon exp\u00e9rience meilleure.\" \/>\n<meta property=\"og:url\" content=\"https:\/\/www.aswinlutchanah.com\/blog\/merci-andre\/\" \/>\n<meta property=\"og:site_name\" content=\"Aswin Lutchanah&#039;s blog\" \/>\n<meta property=\"article:published_time\" content=\"2021-08-15T09:21:21+00:00\" \/>\n<meta property=\"article:modified_time\" content=\"2021-08-15T09:23:34+00:00\" \/>\n<meta property=\"og:image\" content=\"https:\/\/www.aswinlutchanah.com\/blog\/wp-content\/uploads\/2021\/08\/aswin-lutchanah-andre-silva-scaled.jpg\" \/>\n\t<meta property=\"og:image:width\" content=\"2560\" \/>\n\t<meta property=\"og:image:height\" content=\"1920\" \/>\n\t<meta property=\"og:image:type\" content=\"image\/jpeg\" \/>\n<meta name=\"author\" content=\"Aswin Lutchanah\" \/>\n<meta name=\"twitter:card\" content=\"summary_large_image\" \/>\n<meta name=\"twitter:creator\" content=\"@aswinlutchanah\" \/>\n<meta name=\"twitter:site\" content=\"@aswinlutchanah\" \/>\n<meta name=\"twitter:label1\" content=\"Written by\" \/>\n\t<meta name=\"twitter:data1\" content=\"Aswin Lutchanah\" \/>\n\t<meta name=\"twitter:label2\" content=\"Estimated reading time\" \/>\n\t<meta name=\"twitter:data2\" content=\"3 minutes\" \/>\n<!-- \/ Yoast SEO plugin. -->","yoast_head_json":{"title":"Merci Andr\u00e9 - Aswin Lutchanah&#039;s blog","description":"Merci Andr\u00e9. Hommage \u00e0 un coll\u00e8gue de l'Universit\u00e9 du Luxembourg ; il a \u00e9t\u00e9 un de mes premiers contacts qui a rendu mon exp\u00e9rience meilleure.","robots":{"index":"index","follow":"follow","max-snippet":"max-snippet:-1","max-image-preview":"max-image-preview:large","max-video-preview":"max-video-preview:-1"},"canonical":"https:\/\/www.aswinlutchanah.com\/blog\/merci-andre\/","og_locale":"en_GB","og_type":"article","og_title":"Merci Andr\u00e9 - Aswin Lutchanah&#039;s blog","og_description":"Merci Andr\u00e9. Hommage \u00e0 un coll\u00e8gue de l'Universit\u00e9 du Luxembourg ; il a \u00e9t\u00e9 un de mes premiers contacts qui a rendu mon exp\u00e9rience meilleure.","og_url":"https:\/\/www.aswinlutchanah.com\/blog\/merci-andre\/","og_site_name":"Aswin Lutchanah&#039;s blog","article_published_time":"2021-08-15T09:21:21+00:00","article_modified_time":"2021-08-15T09:23:34+00:00","og_image":[{"width":2560,"height":1920,"url":"https:\/\/www.aswinlutchanah.com\/blog\/wp-content\/uploads\/2021\/08\/aswin-lutchanah-andre-silva-scaled.jpg","type":"image\/jpeg"}],"author":"Aswin Lutchanah","twitter_card":"summary_large_image","twitter_creator":"@aswinlutchanah","twitter_site":"@aswinlutchanah","twitter_misc":{"Written by":"Aswin Lutchanah","Estimated reading time":"3 minutes"},"schema":{"@context":"https:\/\/schema.org","@graph":[{"@type":"Article","@id":"https:\/\/www.aswinlutchanah.com\/blog\/merci-andre\/#article","isPartOf":{"@id":"https:\/\/www.aswinlutchanah.com\/blog\/merci-andre\/"},"author":{"name":"Aswin Lutchanah","@id":"https:\/\/www.aswinlutchanah.com\/blog\/#\/schema\/person\/d202f5207244ea3329688126f09dd157"},"headline":"Merci Andr\u00e9","datePublished":"2021-08-15T09:21:21+00:00","dateModified":"2021-08-15T09:23:34+00:00","mainEntityOfPage":{"@id":"https:\/\/www.aswinlutchanah.com\/blog\/merci-andre\/"},"wordCount":731,"commentCount":0,"publisher":{"@id":"https:\/\/www.aswinlutchanah.com\/blog\/#\/schema\/person\/d202f5207244ea3329688126f09dd157"},"image":{"@id":"https:\/\/www.aswinlutchanah.com\/blog\/merci-andre\/#primaryimage"},"thumbnailUrl":"https:\/\/www.aswinlutchanah.com\/blog\/wp-content\/uploads\/2021\/08\/aswin-lutchanah-andre-silva-scaled.jpg","articleSection":["Uncategorized"],"inLanguage":"en-GB","potentialAction":[{"@type":"CommentAction","name":"Comment","target":["https:\/\/www.aswinlutchanah.com\/blog\/merci-andre\/#respond"]}]},{"@type":"WebPage","@id":"https:\/\/www.aswinlutchanah.com\/blog\/merci-andre\/","url":"https:\/\/www.aswinlutchanah.com\/blog\/merci-andre\/","name":"Merci Andr\u00e9 - Aswin Lutchanah&#039;s blog","isPartOf":{"@id":"https:\/\/www.aswinlutchanah.com\/blog\/#website"},"primaryImageOfPage":{"@id":"https:\/\/www.aswinlutchanah.com\/blog\/merci-andre\/#primaryimage"},"image":{"@id":"https:\/\/www.aswinlutchanah.com\/blog\/merci-andre\/#primaryimage"},"thumbnailUrl":"https:\/\/www.aswinlutchanah.com\/blog\/wp-content\/uploads\/2021\/08\/aswin-lutchanah-andre-silva-scaled.jpg","datePublished":"2021-08-15T09:21:21+00:00","dateModified":"2021-08-15T09:23:34+00:00","description":"Merci Andr\u00e9. Hommage \u00e0 un coll\u00e8gue de l'Universit\u00e9 du Luxembourg ; il a \u00e9t\u00e9 un de mes premiers contacts qui a rendu mon exp\u00e9rience meilleure.","breadcrumb":{"@id":"https:\/\/www.aswinlutchanah.com\/blog\/merci-andre\/#breadcrumb"},"inLanguage":"en-GB","potentialAction":[{"@type":"ReadAction","target":["https:\/\/www.aswinlutchanah.com\/blog\/merci-andre\/"]}]},{"@type":"ImageObject","inLanguage":"en-GB","@id":"https:\/\/www.aswinlutchanah.com\/blog\/merci-andre\/#primaryimage","url":"https:\/\/www.aswinlutchanah.com\/blog\/wp-content\/uploads\/2021\/08\/aswin-lutchanah-andre-silva-scaled.jpg","contentUrl":"https:\/\/www.aswinlutchanah.com\/blog\/wp-content\/uploads\/2021\/08\/aswin-lutchanah-andre-silva-scaled.jpg","width":2560,"height":1920},{"@type":"BreadcrumbList","@id":"https:\/\/www.aswinlutchanah.com\/blog\/merci-andre\/#breadcrumb","itemListElement":[{"@type":"ListItem","position":1,"name":"Home","item":"https:\/\/www.aswinlutchanah.com\/blog\/"},{"@type":"ListItem","position":2,"name":"Merci Andr\u00e9"}]},{"@type":"WebSite","@id":"https:\/\/www.aswinlutchanah.com\/blog\/#website","url":"https:\/\/www.aswinlutchanah.com\/blog\/","name":"Aswin Lutchanah","description":"Digital Hybrid Social Media Manager","publisher":{"@id":"https:\/\/www.aswinlutchanah.com\/blog\/#\/schema\/person\/d202f5207244ea3329688126f09dd157"},"potentialAction":[{"@type":"SearchAction","target":{"@type":"EntryPoint","urlTemplate":"https:\/\/www.aswinlutchanah.com\/blog\/?s={search_term_string}"},"query-input":{"@type":"PropertyValueSpecification","valueRequired":true,"valueName":"search_term_string"}}],"inLanguage":"en-GB"},{"@type":["Person","Organization"],"@id":"https:\/\/www.aswinlutchanah.com\/blog\/#\/schema\/person\/d202f5207244ea3329688126f09dd157","name":"Aswin Lutchanah","image":{"@type":"ImageObject","inLanguage":"en-GB","@id":"https:\/\/www.aswinlutchanah.com\/blog\/wp-content\/uploads\/2020\/06\/logo-1.png","url":"https:\/\/www.aswinlutchanah.com\/blog\/wp-content\/uploads\/2020\/06\/logo-1.png","contentUrl":"https:\/\/www.aswinlutchanah.com\/blog\/wp-content\/uploads\/2020\/06\/logo-1.png","width":724,"height":157,"caption":"Aswin Lutchanah"},"logo":{"@id":"https:\/\/www.aswinlutchanah.com\/blog\/wp-content\/uploads\/2020\/06\/logo-1.png"},"description":"Hybrid Social Media Manager with over 9 years of experience specialising in Social Media. Experienced with all aspects of Social Media Management. Having a Master degree in Computer Science, I have an in-depth knowledge of the digital world including Social Media, Community Management, Social Media......","sameAs":["https:\/\/www.aswinlutchanah.com"]}]}},"_links":{"self":[{"href":"https:\/\/www.aswinlutchanah.com\/blog\/wp-json\/wp\/v2\/posts\/689","targetHints":{"allow":["GET"]}}],"collection":[{"href":"https:\/\/www.aswinlutchanah.com\/blog\/wp-json\/wp\/v2\/posts"}],"about":[{"href":"https:\/\/www.aswinlutchanah.com\/blog\/wp-json\/wp\/v2\/types\/post"}],"author":[{"embeddable":true,"href":"https:\/\/www.aswinlutchanah.com\/blog\/wp-json\/wp\/v2\/users\/1"}],"replies":[{"embeddable":true,"href":"https:\/\/www.aswinlutchanah.com\/blog\/wp-json\/wp\/v2\/comments?post=689"}],"version-history":[{"count":7,"href":"https:\/\/www.aswinlutchanah.com\/blog\/wp-json\/wp\/v2\/posts\/689\/revisions"}],"predecessor-version":[{"id":697,"href":"https:\/\/www.aswinlutchanah.com\/blog\/wp-json\/wp\/v2\/posts\/689\/revisions\/697"}],"wp:featuredmedia":[{"embeddable":true,"href":"https:\/\/www.aswinlutchanah.com\/blog\/wp-json\/wp\/v2\/media\/690"}],"wp:attachment":[{"href":"https:\/\/www.aswinlutchanah.com\/blog\/wp-json\/wp\/v2\/media?parent=689"}],"wp:term":[{"taxonomy":"category","embeddable":true,"href":"https:\/\/www.aswinlutchanah.com\/blog\/wp-json\/wp\/v2\/categories?post=689"},{"taxonomy":"post_tag","embeddable":true,"href":"https:\/\/www.aswinlutchanah.com\/blog\/wp-json\/wp\/v2\/tags?post=689"}],"curies":[{"name":"wp","href":"https:\/\/api.w.org\/{rel}","templated":true}]}}